[{"@context":"https:\/\/schema.org\/","@type":"Article","@id":"https:\/\/www.tenergo.cz\/demokracie-neni-dokonala\/#Article","mainEntityOfPage":"https:\/\/www.tenergo.cz\/demokracie-neni-dokonala\/","headline":"Demokracie nen\u00ed dokonal\u00e1","name":"Demokracie nen\u00ed dokonal\u00e1","description":"Dnes u n\u00e1s m\u00e1me demokracii. A to znamen\u00e1 mimo jin\u00e9 i to, \u017ee m\u00e1me v\u00edce politick\u00fdch uskupen\u00ed, kter\u00e1 se p\u0159etahuj\u00ed o moc. Ka\u017ed\u00e9 z\u00a0nich by cht\u011blo vl\u00e1dnout. A ka\u017ed\u00e9 pochopiteln\u011b aspo\u0148 trochu jinak ne\u017e jeho konkurenti. A je jenom na n\u00e1s lidech, koho si zvol\u00edme.\u00a0\u00a0A je to, \u017ee si m\u016f\u017eeme","datePublished":"2024-05-27","dateModified":"2024-05-27","author":{"@type":"Person","@id":"https:\/\/www.tenergo.cz\/author\/devene\/#Person","name":"devene","url":"https:\/\/www.tenergo.cz\/author\/devene\/","identifier":1,"image":{"@type":"ImageObject","@id":"https:\/\/secure.gravatar.com\/avatar\/4c6f4cec51e1a1b20d9361c6367b917eb8db239c023f88502d2833b745a358d4?s=96&d=mm&r=g","url":"https:\/\/secure.gravatar.com\/avatar\/4c6f4cec51e1a1b20d9361c6367b917eb8db239c023f88502d2833b745a358d4?s=96&d=mm&r=g","height":96,"width":96}},"publisher":{"@type":"Organization","name":"tenergo.cz","logo":{"@type":"ImageObject","@id":"\/logo.png","url":"\/logo.png","width":600,"height":60}},"image":{"@type":"ImageObject","@id":"https:\/\/www.tenergo.cz\/wp-content\/uploads\/%C5%BE_10_10_10_9.jpg","url":"https:\/\/www.tenergo.cz\/wp-content\/uploads\/%C5%BE_10_10_10_9.jpg","height":0,"width":0},"url":"https:\/\/www.tenergo.cz\/demokracie-neni-dokonala\/","about":["Politika"],"wordCount":507,"articleBody":"Dnes u n\u00e1s m\u00e1me demokracii. A to znamen\u00e1 mimo jin\u00e9 i to, \u017ee m\u00e1me v\u00edce politick\u00fdch uskupen\u00ed, kter\u00e1 se p\u0159etahuj\u00ed o moc. Ka\u017ed\u00e9 z\u00a0nich by cht\u011blo vl\u00e1dnout. A ka\u017ed\u00e9 pochopiteln\u011b aspo\u0148 trochu jinak ne\u017e jeho konkurenti. A je jenom na n\u00e1s lidech, koho si zvol\u00edme.\u00a0\u00a0A je to, \u017ee si m\u016f\u017eeme vyb\u00edrat, dob\u0159e nebo \u0161patn\u011b? M\u011bla by tu takov\u00e1 mo\u017enost volby b\u00fdt, nebo nem\u011bla? Na to se mohou n\u00e1zory pochopiteln\u011b r\u016fznit. Proto\u017ee j\u00e1 jsem t\u0159eba za\u017eil dost v\u00a0socialistick\u00e9 totalit\u011b, a tud\u00ed\u017e si stoj\u00edm za t\u00edm, \u017ee je takov\u00e1 mo\u017enost volby jednozna\u010dn\u011b \u017e\u00e1douc\u00ed. Jen\u017ee sou\u010dasn\u011b je mi smutno z\u00a0toho, \u017ee mohou volit opravdu v\u0161ichni. Tak\u017ee jsou tu i ti, kdo vol\u00ed podle m\u00e9ho n\u00e1zoru jednozna\u010dn\u011b \u0161patn\u011b. A t\u011bm bych v\u00a0z\u00e1jmu t\u00e9to zem\u011b pr\u00e1vo volby nejrad\u011bji up\u0159el. Jen\u017ee mohu? Nemohu. Je tu demokracie. A tak se mus\u00edm sm\u00ed\u0159it s\u00a0t\u00edm, co tu je. S\u00a0t\u00edm, \u017ee nevyhr\u00e1vaj\u00ed ve volb\u00e1ch v\u017edy jen ti, kdo by vyhr\u00e1vat m\u011bli. \u017de je tu a\u017e p\u0159\u00edli\u0161 voli\u010d\u016f, kte\u0159\u00ed nehled\u00ed na budoucnost, ale staraj\u00ed se v\u00fdlu\u010dn\u011b o to, aby se m\u011bli dob\u0159e pr\u00e1v\u011b te\u010f. A to, co to p\u0159inese, je nezaj\u00edm\u00e1.\u00a0N\u011bkdo tedy vol\u00ed tak, jak by se m\u011blo volit, aby na\u0161e zem\u011b perspektivu m\u011bla. N\u011bkdo vol\u00ed finan\u010dn\u00ed zodpov\u011bdnost, \u017eivot na takov\u00e9 \u00farovni, jakou si tu m\u016f\u017eeme dovolit, investice do budoucna, spolupr\u00e1ci s\u00a0t\u011bmi, kdo n\u00e1m mohou nab\u00eddnout \u0161\u0165astn\u011bj\u0161\u00ed z\u00edt\u0159ky.\u00a0A druz\u00ed vol\u00ed naopak ty, kdo jim slibuj\u00ed jenom spokojen\u011bj\u0161\u00ed a bohat\u0161\u00ed \u017eivot na dluh, kdo nab\u00edzej\u00ed to, co se re\u00e1ln\u011b ned\u00e1 splnit, a tud\u00ed\u017e to lidem ani nespln\u00ed.Co\u017e je docela logick\u00e9. Jen\u017ee nelogick\u00e9 je to, co se k\u00a0tomu vztahuje. A sice to, jak v\u011bt\u0161ina n\u00e1roda vol\u00ed. Skoro to toti\u017e vypad\u00e1, jako bychom my \u010ce\u0161i tou\u017eili sv\u016fj n\u00e1rod a svoji zem poh\u0159b\u00edt. Jako by n\u00e1m nez\u00e1le\u017eelo na tom, jak se povede na\u0161im potomk\u016fm. A je nejhor\u0161\u00ed, kdy\u017e se takov\u00ed lid\u00e9 nejednou rozhoduj\u00ed pouze podle tohoto, a nenechaj\u00ed se odradit ani sv\u00fdmi pocity. Proto\u017ee by se dalo \u0159\u00edci, \u017ee se lidem nem\u016f\u017ee zamlouvat politik, kter\u00fd se neum\u00ed ani srozumiteln\u011b vyj\u00e1d\u0159it, ani politi\u010dka vystupuj\u00edc\u00ed na soci\u00e1ln\u00edch s\u00edt\u00edch jako hranolek, ani n\u011bkdo, kdo ve\u0159ejn\u011b broj\u00ed proti migraci, a\u010d je s\u00e1m viditeln\u011b ne\u010desk\u00e9ho p\u016fvodu. O stran\u011b, kter\u00e1 hl\u00e1s\u00e1, \u017ee za n\u00ed bude l\u00edp, a p\u0159itom n\u00e1s v\u011bznila des\u00edtky let za \u017eeleznou oponou, ani nemluv\u011b.Prost\u011b m\u00e1me mo\u017enost volby. A to m\u011b dost d\u011bs\u00ed.                                                                                                                                                                                                                                                                                                                                                                                        4.6\/5 - (7 votes)        "},{"@context":"https:\/\/schema.org\/","@type":"BreadcrumbList","itemListElement":[{"@type":"ListItem","position":1,"name":"Demokracie nen\u00ed dokonal\u00e1","item":"https:\/\/www.tenergo.cz\/demokracie-neni-dokonala\/#breadcrumbitem"}]}]