[{"@context":"https:\/\/schema.org\/","@type":"Article","@id":"https:\/\/www.tenergo.cz\/klidne-a-prijemne-prostredi\/#Article","mainEntityOfPage":"https:\/\/www.tenergo.cz\/klidne-a-prijemne-prostredi\/","headline":"Klidn\u00e9 a p\u0159\u00edjemn\u00e9 prost\u0159ed\u00ed","name":"Klidn\u00e9 a p\u0159\u00edjemn\u00e9 prost\u0159ed\u00ed","description":"Ubytovna Praha V\u00e1m nab\u00edz\u00ed klidn\u00e9 a p\u0159\u00edjemn\u00e9 prost\u0159ed\u00ed, kter\u00e9 na Va\u0161ich cest\u00e1ch jist\u011b p\u0159iv\u00edt\u00e1te s otev\u0159enou n\u00e1ru\u010d\u00ed. Po n\u00e1ro\u010dn\u00e9m pracovn\u00edm jedn\u00e1n\u00ed nebo dalek\u00e9 cest\u011b v\u011bt\u0161ina z n\u00e1s tou\u017e\u00ed po n\u011bjak\u00e9 hork\u00e9 spr\u0161e a klidn\u00e9m prost\u0159ed\u00ed, kde \u010dlov\u011bk m\u016f\u017ee na\u010derpat s\u00edlu na dal\u0161\u00ed n\u00e1ro\u010dn\u00fd pracovn\u00ed den. Uvid\u00edte, \u017ee V\u00e1s na\u0161e prostory","datePublished":"2025-09-05","dateModified":"2025-09-05","author":{"@type":"Person","@id":"https:\/\/www.tenergo.cz\/author\/devene\/#Person","name":"devene","url":"https:\/\/www.tenergo.cz\/author\/devene\/","identifier":1,"image":{"@type":"ImageObject","@id":"https:\/\/secure.gravatar.com\/avatar\/4c6f4cec51e1a1b20d9361c6367b917eb8db239c023f88502d2833b745a358d4?s=96&d=mm&r=g","url":"https:\/\/secure.gravatar.com\/avatar\/4c6f4cec51e1a1b20d9361c6367b917eb8db239c023f88502d2833b745a358d4?s=96&d=mm&r=g","height":96,"width":96}},"publisher":{"@type":"Organization","name":"tenergo.cz","logo":{"@type":"ImageObject","@id":"\/logo.png","url":"\/logo.png","width":600,"height":60}},"url":"https:\/\/www.tenergo.cz\/klidne-a-prijemne-prostredi\/","wordCount":188,"articleBody":"Ubytovna Praha V\u00e1m nab\u00edz\u00ed klidn\u00e9 a p\u0159\u00edjemn\u00e9 prost\u0159ed\u00ed, kter\u00e9 na Va\u0161ich cest\u00e1ch jist\u011b p\u0159iv\u00edt\u00e1te s otev\u0159enou n\u00e1ru\u010d\u00ed. Po n\u00e1ro\u010dn\u00e9m pracovn\u00edm jedn\u00e1n\u00ed nebo dalek\u00e9 cest\u011b v\u011bt\u0161ina z n\u00e1s tou\u017e\u00ed po n\u011bjak\u00e9 hork\u00e9 spr\u0161e a klidn\u00e9m prost\u0159ed\u00ed, kde \u010dlov\u011bk m\u016f\u017ee na\u010derpat s\u00edlu na dal\u0161\u00ed n\u00e1ro\u010dn\u00fd pracovn\u00ed den. Uvid\u00edte, \u017ee V\u00e1s na\u0161e prostory p\u0159\u00edjemn\u011b p\u0159ekvap\u00ed. V budov\u011b mo\u017enost ob\u010derstven\u00ed Ubytovna Praha V\u00e1m umo\u017en\u00ed koupit si v dan\u00fdch prostor\u00e1ch i n\u011bjak\u00e9 to ob\u010derstven\u00ed, pokud si nechcete zaj\u00edt na ve\u010de\u0159i do n\u011bjak\u00e9 luxusn\u00ed restaurace v centru hlavn\u00edho m\u011bsta. U\u0161et\u0159en\u00e9 pen\u00edze za nocleh budete cht\u00edt t\u0159eba rad\u011bji investovat do dobr\u00e9ho j\u00eddla a pit\u00ed a n\u00e1le\u017eit\u011b se ve\u010der po n\u00e1ro\u010dn\u00e9m dnu u\u017e\u00edt a pobavit se t\u0159eba s p\u0159\u00e1teli. Dobr\u00e9 j\u00eddlo \u010dlov\u011bka v\u017edy dok\u00e1\u017ee p\u0159\u00edjemn\u011b naladit.                                                                                                                                                                                                                                                                                                                                                                                                "},{"@context":"https:\/\/schema.org\/","@type":"BreadcrumbList","itemListElement":[{"@type":"ListItem","position":1,"name":"Klidn\u00e9 a p\u0159\u00edjemn\u00e9 prost\u0159ed\u00ed","item":"https:\/\/www.tenergo.cz\/klidne-a-prijemne-prostredi\/#breadcrumbitem"}]}]